{"id":70299,"date":"2026-05-01T18:23:43","date_gmt":"2026-05-01T16:23:43","guid":{"rendered":"https:\/\/www.servettiens.ch\/?p=70299"},"modified":"2026-05-02T17:42:38","modified_gmt":"2026-05-02T15:42:38","slug":"servette-fccf-fc-aarau-frauen-2","status":"publish","type":"post","link":"https:\/\/www.servettiens.ch\/?p=70299","title":{"rendered":"Servette FC Ch\u00eanois F\u00e9minin &#8211; FC Aarau Frauen : La Praille sourit encore aux Servettiennes et ouvre la porte aux demi-finales"},"content":{"rendered":"<section class=\"text-token-text-primary w-full focus:outline-none [--shadow-height:45px] has-data-writing-block:pointer-events-none has-data-writing-block:-mt-(--shadow-height) has-data-writing-block:pt-(--shadow-height) [&amp;:has([data-writing-block])&gt;*]:pointer-events-auto R6Vx5W_threadScrollVars scroll-mb-[calc(var(--scroll-root-safe-area-inset-bottom,0px)+var(--thread-response-height))] scroll-mt-(--header-height)\" dir=\"auto\" data-turn-id=\"82c67d44-abfe-43cb-a1f1-3d9ee3303cb4\" data-testid=\"conversation-turn-11\" data-scroll-anchor=\"false\" data-turn=\"user\">\n<div class=\"text-base my-auto mx-auto pt-12 [--thread-content-margin:var(--thread-content-margin-xs,calc(var(--spacing)*4))] @w-sm\/main:[--thread-content-margin:var(--thread-content-margin-sm,calc(var(--spacing)*6))] @w-lg\/main:[--thread-content-margin:var(--thread-content-margin-lg,calc(var(--spacing)*16))] px-(--thread-content-margin)\">\n<div class=\"[--thread-content-max-width:40rem] @w-lg\/main:[--thread-content-max-width:48rem] mx-auto max-w-(--thread-content-max-width) flex-1 group\/turn-messages focus-visible:outline-hidden relative flex w-full min-w-0 flex-col\">\n<div class=\"flex max-w-full flex-col gap-4 grow\">\n<div class=\"min-h-8 text-message relative flex w-full flex-col items-end gap-2 text-start break-words whitespace-normal outline-none keyboard-focused:focus-ring [.text-message+&amp;]:mt-1\" dir=\"auto\" data-message-author-role=\"user\" data-message-id=\"82c67d44-abfe-43cb-a1f1-3d9ee3303cb4\">\n<div class=\"flex w-full flex-col gap-1 empty:hidden items-end rtl:items-start\">\n<div class=\"user-message-bubble-color corner-superellipse\/0.98 relative min-w-0 overflow-hidden rounded-[22px] px-4 py-2.5 leading-6 max-w-(--user-chat-width,70%)\">\n<div class=\"max-w-full min-w-0 [overflow-wrap:anywhere] whitespace-pre-wrap\"><span style=\"color: #333333; font-size: 22px;\">Ce vendredi s&#8217;est jou\u00e9 le match retour des quarts de finale des playoffs de l&#8217;<\/span><span class=\"hover:entity-accent entity-underline inline cursor-pointer align-baseline\" style=\"color: #333333; font-size: 22px;\"><span class=\"whitespace-normal\">AXA Women&#8217;s Super League<\/span><\/span><span style=\"color: #333333; font-size: 22px;\"> au Stade de la Praille, face \u00e0 une \u00e9quipe d\u2019<\/span><span class=\"hover:entity-accent entity-underline inline cursor-pointer align-baseline\" style=\"color: #333333; font-size: 22px;\"><span class=\"whitespace-normal\">FC Aarau Frauen<\/span><\/span><span style=\"color: #333333; font-size: 22px;\"> qui a eu beaucoup de peine cette saison.<\/span><\/div>\n<\/div>\n<\/div>\n<\/div>\n<\/div>\n<\/div>\n<\/div>\n<\/section>\n<h4>Petit retour sur le match all\u00e9<\/h4>\n<p data-start=\"138\" data-end=\"325\">Les Servettiennes sont all\u00e9es s&#8217;imposer la semaine pass\u00e9e sur le petit score de 2 \u00e0 1 en Argovie. Une victoire pr\u00e9cieuse, gr\u00e2ce aux r\u00e9alisations de Cristina Libr\u00e1n et de Magdalena Sobral.<\/p>\n<p data-start=\"327\" data-end=\"667\">Elodie Nakkach a par la suite d\u00e9clar\u00e9 au Blick Romandie les conditions compliqu\u00e9es, \u00e9voquant un terrain et des installations en dessous des standards habituels. Elle avait notamment point\u00e9 du doigt une bande au milieu du terrain diff\u00e9rente du reste de la pelouse, un d\u00e9tail qui avait rendu le jeu plus impr\u00e9visible et technique \u00e0 ma\u00eetriser.<\/p>\n<p data-start=\"669\" data-end=\"785\">Malgr\u00e9 tout, les Genevoises pouvaient compter sur une avance d&#8217;un but avant la rencontre de vendredi \u00e0 la Praille.<\/p>\n<h4>Une premi\u00e8re mi-temps \u00e0 sens unique<\/h4>\n<p>Ce sont pourtant les Argoviennes qui lancent les hostilit\u00e9s avec la premi\u00e8re occasion de ce match et le premier coup de pied arr\u00eat\u00e9, mais rien pour inqui\u00e9ter Enith Sal\u00f3n. Servette encha\u00eenera par la suite les occasions. \u00c0 la 7e, Magdalena Sobral part au but, mais le ballon est stopp\u00e9 par la gardienne du FC Aarau apr\u00e8s un cafouillage dans la surface. Cette fois, c&#8217;est Ascension Martinez qui centre, Therese Simonsson est au centre, mais n&#8217;arrive pas \u00e0 le reprendre et le ballon passe tout droit devant le but.<\/p>\n<h4>Et de un pour les Genevoises<\/h4>\n<p data-start=\"1368\" data-end=\"1580\">Therese Simonsson marque son 25e but de la saison gr\u00e2ce \u00e0 une magnifique passe de Paula. \u00c0 quelques jours de son 28e anniversaire, la Su\u00e9doise d\u00e9crit la passe de l&#8217;Espagnole comme un beau cadeau d&#8217;anniversaire.<\/p>\n<p data-start=\"1582\" data-end=\"1901\">Les Genevoises ont quelques opportunit\u00e9s de but durant le reste de cette premi\u00e8re mi-temps, mais c&#8217;est surtout \u00e0 10 minutes de la fin de celle-ci que Magdalena Sobral fait le break. En face, Aarau peine \u00e0 exister. Malgr\u00e9 quelques coups de pied arr\u00eat\u00e9s, tout reste trop pr\u00e9visible et est capt\u00e9 sans difficult\u00e9 par Sal\u00f3n.<\/p>\n<h4>Magdalena Sobral en feu<\/h4>\n<p data-start=\"1928\" data-end=\"2042\">Sobral triple la mise, la num\u00e9ro onze. Si durant le match aller il y avait eu un doute, l\u00e0 il n&#8217;y en a plus aucun.<\/p>\n<p data-start=\"2044\" data-end=\"2126\">L&#8217;arbitre siffle la fin de la premi\u00e8re mi-temps sans ajouter de temps additionnel.<\/p>\n<p data-start=\"2128\" data-end=\"2314\">\u00c0 peine revenues du th\u00e9 que Magdalena Sobral marque son troisi\u00e8me but. La Polonaise inscrit le premier tripl\u00e9 de sa carri\u00e8re et explique \u00e0 la fin du match \u00eatre tr\u00e8s heureuse de celui-ci.<\/p>\n<h4>Des jeunes apparitions sur le terrain<\/h4>\n<p>Lors des changements effectu\u00e9s, nous avons pu voir l&#8217;apparition de Garance Nein, 16 ans, qui fait sa deuxi\u00e8me apparition en championnat, et de L\u00e9a Magali Sergeant-Huet, 18 ans, qui fait sa quatri\u00e8me apparition.<\/p>\n<h4>Direction les demi-finales !<\/h4>\n<p>Les 1012 spectateurs ont eu l&#8217;honneur de voir un spectacle de 4 buts. Si au match aller les Servettiennes avaient laiss\u00e9 planer un l\u00e9ger doute, l\u00e0 il n&#8217;y en a plus aucun. Ces derni\u00e8res affronteront Zurich : le match aller aura lieu le week-end du 9 mai et le match retour celui du 16 mai.<\/p>\n<p>Photo:\u00a0 Antoine Andreani<\/p>\n","protected":false},"excerpt":{"rendered":"<p>Ce vendredi s&#8217;est jou\u00e9 le match retour des quarts de finale des playoffs de l&#8217;AXA Women&#8217;s Super League au Stade de la Praille, face \u00e0 une \u00e9quipe d\u2019FC Aarau Frauen qui a eu beaucoup de peine cette saison. Petit retour sur le match all\u00e9 Les Servettiennes sont all\u00e9es s&#8217;imposer la semaine pass\u00e9e sur le petit [&hellip;]<\/p>\n","protected":false},"author":28,"featured_media":70309,"comment_status":"open","ping_status":"open","sticky":false,"template":"","format":"standard","meta":{"jetpack_post_was_ever_published":false,"_jetpack_newsletter_access":"","_jetpack_dont_email_post_to_subs":false,"_jetpack_newsletter_tier_id":0,"_jetpack_memberships_contains_paywalled_content":false,"_jetpack_memberships_contains_paid_content":false,"footnotes":"","jetpack_publicize_message":"","jetpack_publicize_feature_enabled":true,"jetpack_social_post_already_shared":true,"jetpack_social_options":{"image_generator_settings":{"template":"highway","default_image_id":0,"font":"","enabled":false},"version":2}},"categories":[16,17],"tags":[],"post_folder":[],"class_list":["post-70299","post","type-post","status-publish","format-standard","has-post-thumbnail","hentry","category-premiere","category-feminines"],"jetpack_publicize_connections":[],"jetpack_featured_media_url":"https:\/\/i0.wp.com\/www.servettiens.ch\/wp-content\/uploads\/2026\/05\/SFCCF_240925_AntoineAndreani_%40_andreanito_-18-scaled.jpg?fit=2048%2C2560&ssl=1","jetpack_shortlink":"https:\/\/wp.me\/pbyEkS-ihR","jetpack_sharing_enabled":true,"jetpack_likes_enabled":true,"jetpack-related-posts":[{"id":51869,"url":"https:\/\/www.servettiens.ch\/?p=51869","url_meta":{"origin":70299,"position":0},"title":"Servette FCCF-Aarau 2-0: 20 derni\u00e8res minutes d\u00e9cisives","author":"Alexandre Rossignol","date":"27 September 2021","format":false,"excerpt":"A 20 minutes pr\u00e8s et comme les gar\u00e7ons, les Servettiennes auraient pu finir leur rencontre frustr\u00e9es mais contrairement \u00e0 leurs homologues masculins, elles ont su faire la diff\u00e9rence en fin de rencontre pour s'imposer face \u00e0 Aarau. Tout avait tr\u00e8s mal commenc\u00e9 pour les Grenat qui perdent Sandy Maendly sur\u2026","rel":"","context":"In &quot;F\u00e9minines&quot;","block_context":{"text":"F\u00e9minines","link":"https:\/\/www.servettiens.ch\/?cat=17"},"img":{"alt_text":"","src":"https:\/\/i0.wp.com\/www.servettiens.ch\/wp-content\/uploads\/2021\/09\/SFCCF-Aarau.jpg?fit=1000%2C667&ssl=1&resize=350%2C200","width":350,"height":200,"srcset":"https:\/\/i0.wp.com\/www.servettiens.ch\/wp-content\/uploads\/2021\/09\/SFCCF-Aarau.jpg?fit=1000%2C667&ssl=1&resize=350%2C200 1x, https:\/\/i0.wp.com\/www.servettiens.ch\/wp-content\/uploads\/2021\/09\/SFCCF-Aarau.jpg?fit=1000%2C667&ssl=1&resize=525%2C300 1.5x, https:\/\/i0.wp.com\/www.servettiens.ch\/wp-content\/uploads\/2021\/09\/SFCCF-Aarau.jpg?fit=1000%2C667&ssl=1&resize=700%2C400 2x"},"classes":[]},{"id":55091,"url":"https:\/\/www.servettiens.ch\/?p=55091","url_meta":{"origin":70299,"position":1},"title":"SFCCF &#8211; FC Aarau Frauen (4-0): une belle histoire pour la qualification!","author":"Victor Perrin","date":"15 May 2022","format":false,"excerpt":"Sous un soleil radieux, le Servette FC Ch\u00eanois F\u00e9minin a remport\u00e9 samedi soir la deuxi\u00e8me manche de son quart de finale des playoffs face au FC Aarau Frauen","rel":"","context":"In &quot;\u00c9quipe premi\u00e8re&quot;","block_context":{"text":"\u00c9quipe premi\u00e8re","link":"https:\/\/www.servettiens.ch\/?cat=14"},"img":{"alt_text":"","src":"https:\/\/i0.wp.com\/www.servettiens.ch\/wp-content\/uploads\/2022\/05\/10A5332-1-scaled.jpg?fit=1200%2C750&ssl=1&resize=350%2C200","width":350,"height":200,"srcset":"https:\/\/i0.wp.com\/www.servettiens.ch\/wp-content\/uploads\/2022\/05\/10A5332-1-scaled.jpg?fit=1200%2C750&ssl=1&resize=350%2C200 1x, https:\/\/i0.wp.com\/www.servettiens.ch\/wp-content\/uploads\/2022\/05\/10A5332-1-scaled.jpg?fit=1200%2C750&ssl=1&resize=525%2C300 1.5x, https:\/\/i0.wp.com\/www.servettiens.ch\/wp-content\/uploads\/2022\/05\/10A5332-1-scaled.jpg?fit=1200%2C750&ssl=1&resize=700%2C400 2x, https:\/\/i0.wp.com\/www.servettiens.ch\/wp-content\/uploads\/2022\/05\/10A5332-1-scaled.jpg?fit=1200%2C750&ssl=1&resize=1050%2C600 3x"},"classes":[]},{"id":59208,"url":"https:\/\/www.servettiens.ch\/?p=59208","url_meta":{"origin":70299,"position":2},"title":"FC Aarau Frauen &#8211; Servette FCCF (0-3): le compteur est lanc\u00e9\u00a0","author":"L\u00e9a Alli\u00e9","date":"3 September 2023","format":false,"excerpt":"Samedi soir, les Genevoises ont engrang\u00e9es leurs 3 premiers points lors de la deuxi\u00e8me journ\u00e9e de l\u2019AXA Women\u2019s Super League face aux Argoviennes. Les Servetiennes avaient rendez-vous ce samedi apr\u00e8s-midi, au stade du Sportanlage Schachen pour affronter le FC Aarau Frauen. Emmen\u00e9es par Jos\u00e9 Barcala, les Genevoises repartent avec la\u2026","rel":"","context":"In &quot;F\u00e9minines&quot;","block_context":{"text":"F\u00e9minines","link":"https:\/\/www.servettiens.ch\/?cat=17"},"img":{"alt_text":"","src":"https:\/\/i0.wp.com\/www.servettiens.ch\/wp-content\/uploads\/2023\/09\/SFCCF-LUCERNE-80.jpg?fit=1200%2C800&ssl=1&resize=350%2C200","width":350,"height":200,"srcset":"https:\/\/i0.wp.com\/www.servettiens.ch\/wp-content\/uploads\/2023\/09\/SFCCF-LUCERNE-80.jpg?fit=1200%2C800&ssl=1&resize=350%2C200 1x, https:\/\/i0.wp.com\/www.servettiens.ch\/wp-content\/uploads\/2023\/09\/SFCCF-LUCERNE-80.jpg?fit=1200%2C800&ssl=1&resize=525%2C300 1.5x, https:\/\/i0.wp.com\/www.servettiens.ch\/wp-content\/uploads\/2023\/09\/SFCCF-LUCERNE-80.jpg?fit=1200%2C800&ssl=1&resize=700%2C400 2x, https:\/\/i0.wp.com\/www.servettiens.ch\/wp-content\/uploads\/2023\/09\/SFCCF-LUCERNE-80.jpg?fit=1200%2C800&ssl=1&resize=1050%2C600 3x"},"classes":[]},{"id":62728,"url":"https:\/\/www.servettiens.ch\/?p=62728","url_meta":{"origin":70299,"position":3},"title":"FC Aarau Frauen &#8211; Servette FCCF : finir l&#8217;ann\u00e9e en beaut\u00e9","author":"Victor Perrin","date":"6 December 2024","format":false,"excerpt":"Ce samedi 7 d\u00e9cembre \u00e0 16h30, le Servette FC Ch\u00eanois F\u00e9minin jouera \u00e0 l'ext\u00e9rieur son dernier match avant la pause hivernale face au FC Aarau Frauen. Apr\u00e8s une pause internationale avec une Sandrine Mauron \u00e0 nouveau appel\u00e9e par la s\u00e9lectionneuse, le club grenat doit continuer sur sa lanc\u00e9e de la\u2026","rel":"","context":"In &quot;F\u00e9minines&quot;","block_context":{"text":"F\u00e9minines","link":"https:\/\/www.servettiens.ch\/?cat=17"},"img":{"alt_text":"","src":"https:\/\/i0.wp.com\/www.servettiens.ch\/wp-content\/uploads\/2024\/12\/AARSFCCF.png?fit=1080%2C675&ssl=1&resize=350%2C200","width":350,"height":200,"srcset":"https:\/\/i0.wp.com\/www.servettiens.ch\/wp-content\/uploads\/2024\/12\/AARSFCCF.png?fit=1080%2C675&ssl=1&resize=350%2C200 1x, https:\/\/i0.wp.com\/www.servettiens.ch\/wp-content\/uploads\/2024\/12\/AARSFCCF.png?fit=1080%2C675&ssl=1&resize=525%2C300 1.5x, https:\/\/i0.wp.com\/www.servettiens.ch\/wp-content\/uploads\/2024\/12\/AARSFCCF.png?fit=1080%2C675&ssl=1&resize=700%2C400 2x, https:\/\/i0.wp.com\/www.servettiens.ch\/wp-content\/uploads\/2024\/12\/AARSFCCF.png?fit=1080%2C675&ssl=1&resize=1050%2C600 3x"},"classes":[]},{"id":58406,"url":"https:\/\/www.servettiens.ch\/?p=58406","url_meta":{"origin":70299,"position":4},"title":"Servette FCCF &#8211; FC Aarau Frauen (8-1) : Un feu d\u2019artifice qualifie les Grenat !","author":"Victor Perrin","date":"15 May 2023","format":false,"excerpt":"Du jeu, du jeu\u2026 et encore du jeu samedi soir \u00e0 la Fontenette ! Le Servette FC Ch\u00eanois F\u00e9minin n\u2019a fait qu\u2019une bouch\u00e9e du FC Aarau Frauen en lui enfilant tout simplement huit buts. Derri\u00e8re, les Genevoises se qualifient pour les demi-finales des playoffs d\u2019AXA Women\u2019s Super League!\u00a0 Masqu\u00e9e par\u2026","rel":"","context":"In &quot;\u00c9quipe premi\u00e8re&quot;","block_context":{"text":"\u00c9quipe premi\u00e8re","link":"https:\/\/www.servettiens.ch\/?cat=14"},"img":{"alt_text":"","src":"https:\/\/i0.wp.com\/www.servettiens.ch\/wp-content\/uploads\/2023\/05\/20230513210008_IMG_9978.jpg?fit=1200%2C901&ssl=1&resize=350%2C200","width":350,"height":200,"srcset":"https:\/\/i0.wp.com\/www.servettiens.ch\/wp-content\/uploads\/2023\/05\/20230513210008_IMG_9978.jpg?fit=1200%2C901&ssl=1&resize=350%2C200 1x, https:\/\/i0.wp.com\/www.servettiens.ch\/wp-content\/uploads\/2023\/05\/20230513210008_IMG_9978.jpg?fit=1200%2C901&ssl=1&resize=525%2C300 1.5x, https:\/\/i0.wp.com\/www.servettiens.ch\/wp-content\/uploads\/2023\/05\/20230513210008_IMG_9978.jpg?fit=1200%2C901&ssl=1&resize=700%2C400 2x, https:\/\/i0.wp.com\/www.servettiens.ch\/wp-content\/uploads\/2023\/05\/20230513210008_IMG_9978.jpg?fit=1200%2C901&ssl=1&resize=1050%2C600 3x"},"classes":[]},{"id":54275,"url":"https:\/\/www.servettiens.ch\/?p=54275","url_meta":{"origin":70299,"position":5},"title":"FC Aarau Frauen &#8211; Servette FCCF (1-2) : une belle r\u00e9action pour une pr\u00e9cieuse victoire !\u00a0","author":"Victor Perrin","date":"13 March 2022","format":false,"excerpt":"Et encore une! Les joueuses du Servette FC Ch\u00eanois F\u00e9minin ont glan\u00e9 ce samedi une pr\u00e9cieuse victoire \u00e0 quelques matchs du d\u00e9but des playoffs! En d\u00e9placement en Argovie, elles ont dispos\u00e9 du FC Aarau Frauen sur un r\u00e9sultat serr\u00e9 (1-2) gr\u00e2ce \u00e0 des buts de la recrue Schnider et de\u2026","rel":"","context":"In &quot;F\u00e9minines&quot;","block_context":{"text":"F\u00e9minines","link":"https:\/\/www.servettiens.ch\/?cat=17"},"img":{"alt_text":"","src":"https:\/\/i0.wp.com\/www.servettiens.ch\/wp-content\/uploads\/2022\/03\/IMG-20220307-WA0026.jpg?fit=1200%2C800&ssl=1&resize=350%2C200","width":350,"height":200,"srcset":"https:\/\/i0.wp.com\/www.servettiens.ch\/wp-content\/uploads\/2022\/03\/IMG-20220307-WA0026.jpg?fit=1200%2C800&ssl=1&resize=350%2C200 1x, https:\/\/i0.wp.com\/www.servettiens.ch\/wp-content\/uploads\/2022\/03\/IMG-20220307-WA0026.jpg?fit=1200%2C800&ssl=1&resize=525%2C300 1.5x, https:\/\/i0.wp.com\/www.servettiens.ch\/wp-content\/uploads\/2022\/03\/IMG-20220307-WA0026.jpg?fit=1200%2C800&ssl=1&resize=700%2C400 2x, https:\/\/i0.wp.com\/www.servettiens.ch\/wp-content\/uploads\/2022\/03\/IMG-20220307-WA0026.jpg?fit=1200%2C800&ssl=1&resize=1050%2C600 3x"},"classes":[]}],"_links":{"self":[{"href":"https:\/\/www.servettiens.ch\/index.php?rest_route=\/wp\/v2\/posts\/70299","targetHints":{"allow":["GET"]}}],"collection":[{"href":"https:\/\/www.servettiens.ch\/index.php?rest_route=\/wp\/v2\/posts"}],"about":[{"href":"https:\/\/www.servettiens.ch\/index.php?rest_route=\/wp\/v2\/types\/post"}],"author":[{"embeddable":true,"href":"https:\/\/www.servettiens.ch\/index.php?rest_route=\/wp\/v2\/users\/28"}],"replies":[{"embeddable":true,"href":"https:\/\/www.servettiens.ch\/index.php?rest_route=%2Fwp%2Fv2%2Fcomments&post=70299"}],"version-history":[{"count":11,"href":"https:\/\/www.servettiens.ch\/index.php?rest_route=\/wp\/v2\/posts\/70299\/revisions"}],"predecessor-version":[{"id":70311,"href":"https:\/\/www.servettiens.ch\/index.php?rest_route=\/wp\/v2\/posts\/70299\/revisions\/70311"}],"wp:featuredmedia":[{"embeddable":true,"href":"https:\/\/www.servettiens.ch\/index.php?rest_route=\/wp\/v2\/media\/70309"}],"wp:attachment":[{"href":"https:\/\/www.servettiens.ch\/index.php?rest_route=%2Fwp%2Fv2%2Fmedia&parent=70299"}],"wp:term":[{"taxonomy":"category","embeddable":true,"href":"https:\/\/www.servettiens.ch\/index.php?rest_route=%2Fwp%2Fv2%2Fcategories&post=70299"},{"taxonomy":"post_tag","embeddable":true,"href":"https:\/\/www.servettiens.ch\/index.php?rest_route=%2Fwp%2Fv2%2Ftags&post=70299"},{"taxonomy":"post_folder","embeddable":true,"href":"https:\/\/www.servettiens.ch\/index.php?rest_route=%2Fwp%2Fv2%2Fpost_folder&post=70299"}],"curies":[{"name":"wp","href":"https:\/\/api.w.org\/{rel}","templated":true}]}}