{"id":70288,"date":"2026-05-01T17:08:56","date_gmt":"2026-05-01T15:08:56","guid":{"rendered":"https:\/\/www.servettiens.ch\/?p=70288"},"modified":"2026-05-01T17:08:56","modified_gmt":"2026-05-01T15:08:56","slug":"servette-joue-enfin-comme-une-equipe-qui-sait-ou-elle-va","status":"publish","type":"post","link":"https:\/\/www.servettiens.ch\/?p=70288","title":{"rendered":"Servette joue enfin comme une \u00e9quipe qui sait o\u00f9 elle va"},"content":{"rendered":"<h3 data-start=\"0\" data-end=\"232\">Le d\u00e9cor est pos\u00e9 : une fin de saison sans pression comptable, mais pas sans ambition. Au <span class=\"hover:entity-accent entity-underline inline cursor-pointer align-baseline\"><span class=\"whitespace-normal\">Servette FC<\/span><\/span>, on a d\u00e9cid\u00e9 de jouer \u00e7a \u00e0 fond. Quitte \u00e0 transformer les derni\u00e8res semaines en terrain de jeu s\u00e9rieux.<\/h3>\n<h4 data-section-id=\"ht9h5g\" data-start=\"234\" data-end=\"291\">Servette, version printemps : l\u00e9ger, mais pas rel\u00e2ch\u00e9<\/h4>\n<p data-start=\"293\" data-end=\"616\">\u00ab Pas de rel\u00e2chement. \u00bb Le message est clair. Sur le terrain d\u2019entra\u00eenement, \u00e7a bosse, mais diff\u00e9remment. Moins de tableaux tactiques, plus de jeu, plus de rythme, plus de plaisir. Une recette assum\u00e9e par <span class=\"hover:entity-accent entity-underline inline cursor-pointer align-baseline\"><span class=\"whitespace-normal\">Jocelyn Gourvennec<\/span><\/span>, qui privil\u00e9gie la fra\u00eecheur mentale au moment o\u00f9 les jambes commencent \u00e0 tirer.<\/p>\n<p data-start=\"293\" data-end=\"616\">Et \u00e7a se voit. Le Servette 2026 n\u2019a plus grand-chose \u00e0 voir avec celui de l\u2019automne : plus stable, plus solide, plus \u00e9quilibr\u00e9. Une \u00e9quipe qui fait moins de bruit\u2026 mais plus de d\u00e9g\u00e2ts. R\u00e9sultat ? Une dynamique positive, et surtout une impression : ce groupe a enfin trouv\u00e9 son vrai visage.<\/p>\n<h4 data-section-id=\"t9eg01\" data-start=\"909\" data-end=\"929\">Le d\u00e9clic<\/h4>\n<p data-start=\"931\" data-end=\"1167\">Il y a toujours ce moment charni\u00e8re dans une saison. Pour Servette, il porte un souvenir pr\u00e9cis : cette victoire arrach\u00e9e contre le <span class=\"hover:entity-accent entity-underline inline cursor-pointer align-baseline\"><span class=\"whitespace-normal\">FC Zurich<\/span><\/span> \u00e0 la derni\u00e8re minute. Le genre de match qui lib\u00e8re tout un vestiaire.<\/p>\n<p data-start=\"1169\" data-end=\"1461\">Avant \u00e7a, il y avait d\u00e9j\u00e0 du mieux, mais sans r\u00e9compense. Apr\u00e8s \u00e7a, tout s\u2019aligne. Les progr\u00e8s deviennent visibles au tableau d\u2019affichage. \u00ab \u00c7a s\u2019est d\u00e9cal\u00e9 dans le temps \u00bb, r\u00e9sume Gourvennec. Traduction : ils savaient que \u00e7a allait finir par payer. Il fallait juste encaisser la frustration et \u00eatre patient.<\/p>\n<h4 data-section-id=\"tmtxde\" data-start=\"1463\" data-end=\"1509\">Objectif : \u00eatre les \u201cmeilleurs des autres\u201d<\/h4>\n<p data-start=\"1511\" data-end=\"1731\">Le plafond est connu : au mieux, une 7e place. Pas de quoi pavoiser, mais suffisamment pour envoyer un message. Finir premiers du \u201cgroupe du bas\u201d, comme une mani\u00e8re de dire que Servette s\u2019est tromp\u00e9 d\u2019\u00e9tage cette saison.<\/p>\n<p data-start=\"1733\" data-end=\"1956\">Pas question de lever le pied pour autant. \u00ab On est professionnels jusqu\u2019au bout. \u00bb Une phrase bateau ? Peut-\u00eatre. Mais dans un championnat o\u00f9 beaucoup l\u00e2chent l\u2019affaire une fois le couperet tomb\u00e9, elle prend un autre sens.<\/p>\n<p data-start=\"2130\" data-end=\"2265\">Un mois apr\u00e8s avoir pris une claque (5-0), le <b>Grasshopper Club Zurich <\/b>ne sera pas l\u00e0\u00a0pas pour enfiler des perles. Plut\u00f4t pour rendre les coups.<\/p>\n<p data-start=\"2267\" data-end=\"2378\">\u00ab On s\u2019attend \u00e0 une \u00e9quipe revancharde, engag\u00e9e. \u00c0 nous de confirmer ce qu\u2019on fait depuis plusieurs semaines. \u00bb<\/p>\n<p data-start=\"2380\" data-end=\"2545\">Message re\u00e7u c\u00f4t\u00e9 Servette : pas question de changer une formule qui tourne. Continuer \u00e0 jouer, continuer \u00e0 appuyer l\u00e0 o\u00f9 \u00e7a fait mal, et voir qui craque en premier.<\/p>\n<h4 data-section-id=\"j4jzrl\" data-start=\"1958\" data-end=\"1983\">Le facteur X : Junior Kadile<\/h4>\n<p data-start=\"1985\" data-end=\"2115\">Dans cette mont\u00e9e en puissance, un nom revient sans cesse : <span class=\"hover:entity-accent entity-underline inline cursor-pointer align-baseline\"><span class=\"whitespace-normal\">Junior Kadile<\/span><\/span>. Impactant, tr\u00e8s impactant, sous trois aspects selon son coach.<\/p>\n<p data-start=\"2117\" data-end=\"2420\">D\u2019abord, il lib\u00e8re ses co\u00e9quipiers. Parce qu\u2019un joueur capable de faire des diff\u00e9rences \u00e0 tout moment, \u00e7a change la mani\u00e8re d\u2019attaquer. Ensuite, il impose un standard de travail. Intensit\u00e9, volume, r\u00e9p\u00e9tition des efforts : Kadile ne triche pas. Enfin, il fait reculer et instaure de la peur chez les d\u00e9fenses, ce qui permet \u00e0 l&#8217;\u00e9quipe de s&#8217;installer un peu plus chez l&#8217;adversaire et donc d&#8217;\u00eatre moins vuln\u00e9rable. Et \u00e7a, c\u2019est de l\u2019or.<\/p>\n<p data-start=\"2422\" data-end=\"2577\">M\u00eame quand il ne marque pas, il p\u00e8se. M\u00eame fatigu\u00e9, il reste dangereux. Le genre de joueur que tu ne sors pas\u2026 m\u00eame quand tout le stade pense le contraire.<\/p>\n<p data-start=\"2610\" data-end=\"2803\">\u00c0 ses c\u00f4t\u00e9s, <span class=\"hover:entity-accent entity-underline inline cursor-pointer align-baseline\"><span class=\"whitespace-normal\">Thomas Lopes<\/span><\/span> trace sa route. D\u00e9but poussif, mont\u00e9e progressive, et maintenant : de la r\u00e9gularit\u00e9. Deux buts en deux matchs, mais surtout une vraie pr\u00e9sence.<\/p>\n<p data-start=\"2805\" data-end=\"2971\">Le profil s\u00e9duit : vitesse, dribble, volume, culot. Lopes apprend vite, tr\u00e8s vite. Inspir\u00e9 par Kadile, mais avec son propre style. Encore brut, mais d\u00e9j\u00e0 pr\u00e9cieux.<\/p>\n<p data-start=\"2973\" data-end=\"3090\">Et surtout, bien dans sa t\u00eate : \u00ab Chaque minute est bonne \u00e0 prendre. \u00bb Traduction : pas de caprice, juste du travail.<\/p>\n<p data-start=\"3123\" data-end=\"3280\"><strong>Ce Servette-l\u00e0 ne calcule plus trop. Il joue. Pour gagner, oui, mais aussi pour valider une progression, pour installer une identit\u00e9, pour pr\u00e9parer la suite. <\/strong><strong>Parce que le vrai enjeu n\u2019est peut-\u00eatre pas cette 7e place. Il est ailleurs : dans ce qu\u2019elle raconte. <\/strong><strong>Que Servette, enfin, ressemble \u00e0 une \u00e9quipe qui sait o\u00f9 elle va.<\/strong><\/p>\n","protected":false},"excerpt":{"rendered":"<p>Le d\u00e9cor est pos\u00e9 : une fin de saison sans pression comptable, mais pas sans ambition. Au Servette FC, on a d\u00e9cid\u00e9 de jouer \u00e7a \u00e0 fond. Quitte \u00e0 transformer les derni\u00e8res semaines en terrain de jeu s\u00e9rieux. Servette, version printemps : l\u00e9ger, mais pas rel\u00e2ch\u00e9 \u00ab Pas de rel\u00e2chement. \u00bb Le message est clair. [&hellip;]<\/p>\n","protected":false},"author":31,"featured_media":70293,"comment_status":"open","ping_status":"open","sticky":false,"template":"","format":"standard","meta":{"jetpack_post_was_ever_published":false,"_jetpack_newsletter_access":"","_jetpack_dont_email_post_to_subs":false,"_jetpack_newsletter_tier_id":0,"_jetpack_memberships_contains_paywalled_content":false,"_jetpack_memberships_contains_paid_content":false,"footnotes":"","jetpack_publicize_message":"","jetpack_publicize_feature_enabled":true,"jetpack_social_post_already_shared":true,"jetpack_social_options":{"image_generator_settings":{"template":"highway","default_image_id":0,"font":"","enabled":false},"version":2}},"categories":[14],"tags":[],"post_folder":[],"class_list":["post-70288","post","type-post","status-publish","format-standard","has-post-thumbnail","hentry","category-equipe"],"jetpack_publicize_connections":[],"jetpack_featured_media_url":"https:\/\/i0.wp.com\/www.servettiens.ch\/wp-content\/uploads\/2026\/05\/Servettefc-fczurich-07.03.26-50-scaled.webp?fit=2560%2C1707&ssl=1","jetpack_shortlink":"https:\/\/wp.me\/pbyEkS-ihG","jetpack_sharing_enabled":true,"jetpack_likes_enabled":true,"jetpack-related-posts":[{"id":47719,"url":"https:\/\/www.servettiens.ch\/?p=47719","url_meta":{"origin":70288,"position":0},"title":"Saluez les derniers du classement !","author":"Florian","date":"30 November 2020","format":false,"excerpt":"7 matchs, 5 points, 4 buts marqu\u00e9s pour 9 encaiss\u00e9s : voil\u00e0 un bien triste constat pour ce d\u00e9but de championnat. Ce qui me choque le plus ne sont pas ces statistiques \u00e0 en faire jalouser Saint-Marin mais plut\u00f4t ce que je vois \u00e0 chaque match sur le terrain. Rien\u2026","rel":"","context":"In &quot;Actualit\u00e9&quot;","block_context":{"text":"Actualit\u00e9","link":"https:\/\/www.servettiens.ch\/?cat=16"},"img":{"alt_text":"","src":"https:\/\/i0.wp.com\/www.servettiens.ch\/wp-content\/uploads\/2020\/11\/Flo-1.jpg?fit=624%2C468&ssl=1&resize=350%2C200","width":350,"height":200,"srcset":"https:\/\/i0.wp.com\/www.servettiens.ch\/wp-content\/uploads\/2020\/11\/Flo-1.jpg?fit=624%2C468&ssl=1&resize=350%2C200 1x, https:\/\/i0.wp.com\/www.servettiens.ch\/wp-content\/uploads\/2020\/11\/Flo-1.jpg?fit=624%2C468&ssl=1&resize=525%2C300 1.5x"},"classes":[]},{"id":30346,"url":"https:\/\/www.servettiens.ch\/?p=30346","url_meta":{"origin":70288,"position":1},"title":"Servette-Aarau: Les notes","author":"Alexandre Rossignol","date":"28 April 2019","format":false,"excerpt":"La consigne est simple : il faut laisser encore du suspens dans ce championnat, d\u00e9j\u00e0 qu\u2019il n\u2019y en a plus \u00e0 l\u2019\u00e9tage sup\u00e9rieur concernant le titre.","rel":"","context":"In &quot;\u00c9quipe premi\u00e8re&quot;","block_context":{"text":"\u00c9quipe premi\u00e8re","link":"https:\/\/www.servettiens.ch\/?cat=14"},"img":{"alt_text":"","src":"https:\/\/i0.wp.com\/www.servettiens.ch\/wp-content\/uploads\/2019\/11\/5cd81b3816f6f2.30488741.png?fit=875%2C401&ssl=1&resize=350%2C200","width":350,"height":200,"srcset":"https:\/\/i0.wp.com\/www.servettiens.ch\/wp-content\/uploads\/2019\/11\/5cd81b3816f6f2.30488741.png?fit=875%2C401&ssl=1&resize=350%2C200 1x, https:\/\/i0.wp.com\/www.servettiens.ch\/wp-content\/uploads\/2019\/11\/5cd81b3816f6f2.30488741.png?fit=875%2C401&ssl=1&resize=525%2C300 1.5x, https:\/\/i0.wp.com\/www.servettiens.ch\/wp-content\/uploads\/2019\/11\/5cd81b3816f6f2.30488741.png?fit=875%2C401&ssl=1&resize=700%2C400 2x"},"classes":[]},{"id":59270,"url":"https:\/\/www.servettiens.ch\/?p=59270","url_meta":{"origin":70288,"position":2},"title":"FC Bulle \u2013 Servette FC\u00a0(1-4): une victoire pleine de panache","author":"Victor Perrin","date":"17 September 2023","format":false,"excerpt":"Servette se qualifie pour les 8e de finale de la Coupe Suisse! Face au FC Bulle, les Grenat ont assur\u00e9 le score (1-4) avec quatre buteurs diff\u00e9rents. Ouf de soulagement. Samedi soir, au Stade de Bouleyres de Bulle, le Servette FC ne s'est pas pris les pieds dans le tapis\u2026","rel":"","context":"In &quot;Actualit\u00e9&quot;","block_context":{"text":"Actualit\u00e9","link":"https:\/\/www.servettiens.ch\/?cat=16"},"img":{"alt_text":"","src":"https:\/\/i0.wp.com\/www.servettiens.ch\/wp-content\/uploads\/2023\/09\/MEY_SFC_230819-13.jpg?fit=1200%2C800&ssl=1&resize=350%2C200","width":350,"height":200,"srcset":"https:\/\/i0.wp.com\/www.servettiens.ch\/wp-content\/uploads\/2023\/09\/MEY_SFC_230819-13.jpg?fit=1200%2C800&ssl=1&resize=350%2C200 1x, https:\/\/i0.wp.com\/www.servettiens.ch\/wp-content\/uploads\/2023\/09\/MEY_SFC_230819-13.jpg?fit=1200%2C800&ssl=1&resize=525%2C300 1.5x, https:\/\/i0.wp.com\/www.servettiens.ch\/wp-content\/uploads\/2023\/09\/MEY_SFC_230819-13.jpg?fit=1200%2C800&ssl=1&resize=700%2C400 2x, https:\/\/i0.wp.com\/www.servettiens.ch\/wp-content\/uploads\/2023\/09\/MEY_SFC_230819-13.jpg?fit=1200%2C800&ssl=1&resize=1050%2C600 3x"},"classes":[]},{"id":45742,"url":"https:\/\/www.servettiens.ch\/?p=45742","url_meta":{"origin":70288,"position":3},"title":"Tableau noir : Reims et Lausanne, un d\u00e9but de saison difficile pour les Servettiens.","author":"Servettiens.ch","date":"22 September 2020","format":false,"excerpt":"Servette FC - Stade de Reims Statistiques cl\u00e9s\u00a0: xG\u00a0(expected goals) : Servette 0.95 \u2013 Reims 0.46 Reims a \u00e9t\u00e9 dangereux \u00e0 chaque attaque, cependant ils n\u2019ont pas autant attaqu\u00e9 que Servette ce qui baisse leur xG et ils finissent la rencontre avec un xG de 0.46. Servette a beaucoup attaqu\u00e9\u2026","rel":"","context":"In &quot;Actualit\u00e9&quot;","block_context":{"text":"Actualit\u00e9","link":"https:\/\/www.servettiens.ch\/?cat=16"},"img":{"alt_text":"","src":"https:\/\/i0.wp.com\/www.servettiens.ch\/wp-content\/uploads\/2020\/09\/Tableau-noir-SFC-Reims-Lausanne-1.jpg?fit=800%2C448&ssl=1&resize=350%2C200","width":350,"height":200,"srcset":"https:\/\/i0.wp.com\/www.servettiens.ch\/wp-content\/uploads\/2020\/09\/Tableau-noir-SFC-Reims-Lausanne-1.jpg?fit=800%2C448&ssl=1&resize=350%2C200 1x, https:\/\/i0.wp.com\/www.servettiens.ch\/wp-content\/uploads\/2020\/09\/Tableau-noir-SFC-Reims-Lausanne-1.jpg?fit=800%2C448&ssl=1&resize=525%2C300 1.5x, https:\/\/i0.wp.com\/www.servettiens.ch\/wp-content\/uploads\/2020\/09\/Tableau-noir-SFC-Reims-Lausanne-1.jpg?fit=800%2C448&ssl=1&resize=700%2C400 2x"},"classes":[]},{"id":30398,"url":"https:\/\/www.servettiens.ch\/?p=30398","url_meta":{"origin":70288,"position":4},"title":"FC Saint-Gall &#8211; Servette FC 3-1 (2-0) : on prend les m\u00eames et on recommence","author":"Alexandre Rossignol","date":"21 September 2019","format":false,"excerpt":"On va aller droit au but : Servette a pris une le\u00e7on de football par une \u00e9quipe saint-galloise qui a parfaitement fait d\u00e9jouer le milieu Grenat, preuve en est la prestation d'Ondoua (voir plus bas).","rel":"","context":"In &quot;\u00c9quipe premi\u00e8re&quot;","block_context":{"text":"\u00c9quipe premi\u00e8re","link":"https:\/\/www.servettiens.ch\/?cat=14"},"img":{"alt_text":"","src":"https:\/\/i0.wp.com\/www.servettiens.ch\/wp-content\/uploads\/2019\/11\/5d86751dbe2b74.68450055.jpeg?fit=875%2C401&ssl=1&resize=350%2C200","width":350,"height":200,"srcset":"https:\/\/i0.wp.com\/www.servettiens.ch\/wp-content\/uploads\/2019\/11\/5d86751dbe2b74.68450055.jpeg?fit=875%2C401&ssl=1&resize=350%2C200 1x, https:\/\/i0.wp.com\/www.servettiens.ch\/wp-content\/uploads\/2019\/11\/5d86751dbe2b74.68450055.jpeg?fit=875%2C401&ssl=1&resize=525%2C300 1.5x, https:\/\/i0.wp.com\/www.servettiens.ch\/wp-content\/uploads\/2019\/11\/5d86751dbe2b74.68450055.jpeg?fit=875%2C401&ssl=1&resize=700%2C400 2x"},"classes":[]},{"id":69919,"url":"https:\/\/www.servettiens.ch\/?wprss_feed_item=recital-offensif-a-la-praille-ou-servette-simpose-avec-la-maniere-face-a-winterthur","url_meta":{"origin":70288,"position":5},"title":"R\u00e9cital offensif \u00e0 la Praille o\u00f9 Servette s\u2019impose avec la mani\u00e8re face \u00e0 Winterthur","author":"Source Author","date":"27 April 2026","format":false,"excerpt":"On a aim\u00e9 On a moins aim\u00e9","rel":"","context":"Similar post","block_context":{"text":"Similar post","link":""},"img":{"alt_text":"","src":"https:\/\/i0.wp.com\/enfantsduservette.ch\/wp-content\/uploads\/2026\/04\/template_bag_3-36629055368080724419.jpg?resize=350%2C200&ssl=1","width":350,"height":200,"srcset":"https:\/\/i0.wp.com\/enfantsduservette.ch\/wp-content\/uploads\/2026\/04\/template_bag_3-36629055368080724419.jpg?resize=350%2C200&ssl=1 1x, https:\/\/i0.wp.com\/enfantsduservette.ch\/wp-content\/uploads\/2026\/04\/template_bag_3-36629055368080724419.jpg?resize=525%2C300&ssl=1 1.5x, https:\/\/i0.wp.com\/enfantsduservette.ch\/wp-content\/uploads\/2026\/04\/template_bag_3-36629055368080724419.jpg?resize=700%2C400&ssl=1 2x"},"classes":[]}],"_links":{"self":[{"href":"https:\/\/www.servettiens.ch\/index.php?rest_route=\/wp\/v2\/posts\/70288","targetHints":{"allow":["GET"]}}],"collection":[{"href":"https:\/\/www.servettiens.ch\/index.php?rest_route=\/wp\/v2\/posts"}],"about":[{"href":"https:\/\/www.servettiens.ch\/index.php?rest_route=\/wp\/v2\/types\/post"}],"author":[{"embeddable":true,"href":"https:\/\/www.servettiens.ch\/index.php?rest_route=\/wp\/v2\/users\/31"}],"replies":[{"embeddable":true,"href":"https:\/\/www.servettiens.ch\/index.php?rest_route=%2Fwp%2Fv2%2Fcomments&post=70288"}],"version-history":[{"count":4,"href":"https:\/\/www.servettiens.ch\/index.php?rest_route=\/wp\/v2\/posts\/70288\/revisions"}],"predecessor-version":[{"id":70296,"href":"https:\/\/www.servettiens.ch\/index.php?rest_route=\/wp\/v2\/posts\/70288\/revisions\/70296"}],"wp:featuredmedia":[{"embeddable":true,"href":"https:\/\/www.servettiens.ch\/index.php?rest_route=\/wp\/v2\/media\/70293"}],"wp:attachment":[{"href":"https:\/\/www.servettiens.ch\/index.php?rest_route=%2Fwp%2Fv2%2Fmedia&parent=70288"}],"wp:term":[{"taxonomy":"category","embeddable":true,"href":"https:\/\/www.servettiens.ch\/index.php?rest_route=%2Fwp%2Fv2%2Fcategories&post=70288"},{"taxonomy":"post_tag","embeddable":true,"href":"https:\/\/www.servettiens.ch\/index.php?rest_route=%2Fwp%2Fv2%2Ftags&post=70288"},{"taxonomy":"post_folder","embeddable":true,"href":"https:\/\/www.servettiens.ch\/index.php?rest_route=%2Fwp%2Fv2%2Fpost_folder&post=70288"}],"curies":[{"name":"wp","href":"https:\/\/api.w.org\/{rel}","templated":true}]}}