{"id":69919,"date":"2026-04-27T10:00:14","date_gmt":"2026-04-27T08:00:14","guid":{"rendered":"https:\/\/www.servettiens.ch\/?p=69919"},"modified":"2026-04-27T01:18:42","modified_gmt":"2026-04-26T23:18:42","slug":"kadile-distribue-servette-se-regale","status":"publish","type":"post","link":"https:\/\/www.servettiens.ch\/?p=69919","title":{"rendered":"Kadile distribue, Servette se r\u00e9gale"},"content":{"rendered":"<h3><span style=\"font-weight: 400\">Pour ce premier match du tour de rel\u00e9gation, le Servette FC recevait le FC Winterthour au Stade de Gen\u00e8ve. Dans une enceinte clairsem\u00e9e (7\u2019027 spectateurs) sous une douce chaleur printani\u00e8re, les Grenats avaient une mission claire : lancer ce mini-championnat de la meilleure des mani\u00e8res.<\/span><\/h3>\n<h4><b>Ce qu\u2019il faut retenir :<\/b><\/h4>\n<p><span style=\"font-weight: 400\">Invaincus lors de leurs trois derni\u00e8res sorties (deux victoires, un nul face \u00e0 Young Boys), les hommes de Jocelyn Gourvennec voulaient encha\u00eener devant leur public, \u00e0 l\u2019occasion de l\u2019avant-dernier match \u00e0 domicile de la saison. En face, Winterthour d\u00e9barquait en lanterne rouge, loin, tr\u00e8s loin de Grasshopper.<\/span><\/p>\n<h4><b>Le fil du match :<\/b><\/h4>\n<p><span style=\"font-weight: 400\">Le ton est donn\u00e9 d\u2019entr\u00e9e. Servette prend le jeu \u00e0 son compte et Thomas Lopes met rapidement le feu. Apr\u00e8s un joli num\u00e9ro, il d\u00e9cale Kadile, dont le centre trouve Ay\u00e9. Premi\u00e8re occasion, mais Kapino veille.<\/span><\/p>\n<p><span style=\"font-weight: 400\">Les Grenats sont bien en place, agressifs \u00e0 la r\u00e9cup\u00e9ration. Fomba gratte un ballon haut, sert Stevanovic, dont la frappe est contr\u00e9e. Dans la foul\u00e9e, Rouiller\u00a0 tente le geste de la soir\u00e9e avec une retourn\u00e9e acrobatique, de peu \u00e0 c\u00f4t\u00e9 \u2014 hors-jeu signal\u00e9.<\/span><\/p>\n<p><span style=\"font-weight: 400\">L\u2019ouverture du score arrive sur un cadeau. Press\u00e9 par Mi\u00e7a, Kapino se rate compl\u00e8tement dans son d\u00e9gagement, qui termine sur Stevanovic\u2026 et au fond (1-0).<\/span><\/p>\n<p><span style=\"font-weight: 400\">Stevanovic enfonce le clou \u00e0 la 25e minute. Parfaitement lanc\u00e9 par Kadile, il attaque la surface et signe un doubl\u00e9, permettant aux Grenats de faire le break (2-0).<\/span><\/p>\n<p><span style=\"font-weight: 400\">Servette d\u00e9roule. Encore Kadile, tr\u00e8s en vue, qui d\u00e9pose un centre parfait sur la t\u00eate d\u2019Ay\u00e9. L\u2019attaquant ne se fait pas prier (3-0).<\/span><\/p>\n<p><span style=\"font-weight: 400\">Match pli\u00e9 ? Pas vraiment. Trop faciles, les Grenats l\u00e8vent le pied et relancent leur adversaire. Burkart, bien servi par Golliard, ajuste Frick (3-1), avant de remettre \u00e7a quelques minutes plus tard avec une belle frappe enroul\u00e9e (3-2). En quelques instants, le match est relanc\u00e9.<\/span><\/p>\n<p><span style=\"font-weight: 400\">Au retour des vestiaires, Servette revient avec d\u2019autres intentions. Plus d\u2019intensit\u00e9, plus d\u2019agressivit\u00e9. R\u00e9sultat imm\u00e9diat : coup franc bien frapp\u00e9 par Kadile, t\u00eate de Rouiller, et le break est refait (4-2).<\/span><\/p>\n<p><span style=\"font-weight: 400\">Mais ce match reste ouvert. Winterthour refuse d\u2019abdiquer et profite d\u2019un nouveau moment de flottement. Sur un centre en retrait de Smith, Jankewitz conclut et ram\u00e8ne les siens \u00e0 une longueur (4-3).<\/span><\/p>\n<p><span style=\"font-weight: 400\">Les occasions s\u2019encha\u00eenent. Stevanovic touche le poteau de la t\u00eate, Ay\u00e9 aussi. Et \u00e0 la 62e, Kadile \u2014 omnipr\u00e9sent \u2014 centre encore. Ay\u00e9 trouve le montant, mais Lopes a bien suivi et pousse au fond. Deuxi\u00e8me but en pro, deuxi\u00e8me match cons\u00e9cutif o\u00f9 il marque (5-3).<\/span><\/p>\n<p><span style=\"font-weight: 400\">Servette continue de se montrer dangereux d\u00e8s qu\u2019il met du rythme. Ay\u00e9 a encore deux opportunit\u00e9s d\u2019alourdir la marque, sans r\u00e9ussite. Dommage, car il y avait la place pour plier d\u00e9finitivement la rencontre.<\/span><\/p>\n<p><span style=\"font-weight: 400\">La fin de match retombe en intensit\u00e9. Les Grenats g\u00e8rent leur avantage et le rythme baisse nettement jusqu\u2019au coup de sifflet final.<\/span><\/p>\n<p><span style=\"font-weight: 400\">Tr\u00e8s en vue, Junior Kadile confirme. Avec une activit\u00e9 constante et trois passes d\u00e9cisives, il a constamment mis en difficult\u00e9 la d\u00e9fense adverse, alternant percussion et justesse dans le jeu collectif.<\/span><\/p>\n<p><strong>Servette fait le travail. Quatri\u00e8me match sans d\u00e9faite, une entame r\u00e9ussie dans ce tour de rel\u00e9gation et des signaux encourageants dans le jeu. Comme l\u2019a soulign\u00e9 Jocelyn Gourvennec apr\u00e8s la rencontre, \u00ab on a fait tr\u00e8s mal \u00e0 l\u2019adversaire et on aurait m\u00eame pu marquer davantage \u00bb. Mais le technicien grenat pointait aussi un rel\u00e2chement coupable : \u00ab d\u00e8s qu\u2019on est un peu moins engag\u00e9s, on devient vuln\u00e9rables \u00bb.<\/strong><\/p>\n<p><strong>Une victoire convaincante dans le contenu, mais qui rappelle une chose essentielle : \u00e0 ce niveau, la moindre baisse d\u2019intensit\u00e9 se paie cash.<\/strong><\/p>\n<p>&nbsp;<\/p>\n","protected":false},"excerpt":{"rendered":"<p>Pour ce premier match du tour de rel\u00e9gation, le Servette FC recevait le FC Winterthour au Stade de Gen\u00e8ve. Dans une enceinte clairsem\u00e9e (7\u2019027 spectateurs) sous une douce chaleur printani\u00e8re, les Grenats avaient une mission claire : lancer ce mini-championnat de la meilleure des mani\u00e8res. Ce qu\u2019il faut retenir : Invaincus lors de leurs trois [&hellip;]<\/p>\n","protected":false},"author":31,"featured_media":69760,"comment_status":"open","ping_status":"open","sticky":false,"template":"","format":"standard","meta":{"_et_pb_use_builder":"","_et_pb_old_content":"","_et_gb_content_width":"","jetpack_post_was_ever_published":false,"_jetpack_newsletter_access":"","_jetpack_dont_email_post_to_subs":false,"_jetpack_newsletter_tier_id":0,"_jetpack_memberships_contains_paywalled_content":false,"_jetpack_memberships_contains_paid_content":false,"footnotes":"","jetpack_publicize_message":"","jetpack_publicize_feature_enabled":true,"jetpack_social_post_already_shared":true,"jetpack_social_options":{"image_generator_settings":{"template":"highway","default_image_id":0,"font":"","enabled":false},"version":2}},"categories":[14],"tags":[],"post_folder":[],"class_list":["post-69919","post","type-post","status-publish","format-standard","has-post-thumbnail","hentry","category-equipe"],"jetpack_publicize_connections":[],"jetpack_featured_media_url":"https:\/\/i0.wp.com\/www.servettiens.ch\/wp-content\/uploads\/2026\/03\/31.png?fit=1638%2C2048&ssl=1","jetpack_shortlink":"https:\/\/wp.me\/pbyEkS-ibJ","jetpack_sharing_enabled":true,"jetpack_likes_enabled":true,"jetpack-related-posts":[{"id":60807,"url":"https:\/\/www.servettiens.ch\/?p=60807","url_meta":{"origin":69919,"position":0},"title":"Servette FC &#8211; FC Stade Lausanne Ouchy\u00a0: Retour \u00e0 la Praille \u00a0","author":"Lisa Maillard","date":"2 April 2024","format":false,"excerpt":"Ce mercredi 3 avril 2024 \u00e0 20h30, les hommes de Weiler retrouvent la pelouse de la Praille! Apr\u00e8s une d\u00e9faite \u00e9vitable \u00e0 Winterthour, le Servette FC doit retrouver ses esprits pour se maintenir en haut du classement! Fort heureusement pour l\u2019\u00e9quipe, Young Boys n\u2019a pas remport\u00e9 de points contre Yverdon-Sport\u2026","rel":"","context":"In &quot;Actualit\u00e9&quot;","block_context":{"text":"Actualit\u00e9","link":"https:\/\/www.servettiens.ch\/?cat=16"},"img":{"alt_text":"","src":"https:\/\/i0.wp.com\/www.servettiens.ch\/wp-content\/uploads\/2024\/04\/ARTICLE-1080-%C3%97-675-px_20240403_005849_0000.png?fit=1080%2C675&ssl=1&resize=350%2C200","width":350,"height":200,"srcset":"https:\/\/i0.wp.com\/www.servettiens.ch\/wp-content\/uploads\/2024\/04\/ARTICLE-1080-%C3%97-675-px_20240403_005849_0000.png?fit=1080%2C675&ssl=1&resize=350%2C200 1x, https:\/\/i0.wp.com\/www.servettiens.ch\/wp-content\/uploads\/2024\/04\/ARTICLE-1080-%C3%97-675-px_20240403_005849_0000.png?fit=1080%2C675&ssl=1&resize=525%2C300 1.5x, https:\/\/i0.wp.com\/www.servettiens.ch\/wp-content\/uploads\/2024\/04\/ARTICLE-1080-%C3%97-675-px_20240403_005849_0000.png?fit=1080%2C675&ssl=1&resize=700%2C400 2x, https:\/\/i0.wp.com\/www.servettiens.ch\/wp-content\/uploads\/2024\/04\/ARTICLE-1080-%C3%97-675-px_20240403_005849_0000.png?fit=1080%2C675&ssl=1&resize=1050%2C600 3x"},"classes":[]},{"id":63138,"url":"https:\/\/www.servettiens.ch\/?p=63138","url_meta":{"origin":69919,"position":1},"title":"Servette FC &#8211; FC Winterthur (3-1) : les Genevois encha\u00eenent face aux Z\u00fcrichois","author":"Nicola Di Nardo","date":"24 February 2025","format":false,"excerpt":"Vainqueurs ce dimanche face au FC Winterthour sur le score de 3-1, les Grenat signent leur troisi\u00e8me victoire cons\u00e9cutive. Cette s\u00e9rie leur permet de rejoindre le sommet du classement, rendant la suite du championnat prometteuse.\u00a0 \u00a0 Ce qu'il faut retenir Le Servette FC accueillait le FC Winterthour dans un match\u2026","rel":"","context":"In &quot;\u00c9quipe premi\u00e8re&quot;","block_context":{"text":"\u00c9quipe premi\u00e8re","link":"https:\/\/www.servettiens.ch\/?cat=14"},"img":{"alt_text":"","src":"https:\/\/i0.wp.com\/www.servettiens.ch\/wp-content\/uploads\/2025\/02\/7R407952.jpg?fit=1200%2C800&ssl=1&resize=350%2C200","width":350,"height":200,"srcset":"https:\/\/i0.wp.com\/www.servettiens.ch\/wp-content\/uploads\/2025\/02\/7R407952.jpg?fit=1200%2C800&ssl=1&resize=350%2C200 1x, https:\/\/i0.wp.com\/www.servettiens.ch\/wp-content\/uploads\/2025\/02\/7R407952.jpg?fit=1200%2C800&ssl=1&resize=525%2C300 1.5x, https:\/\/i0.wp.com\/www.servettiens.ch\/wp-content\/uploads\/2025\/02\/7R407952.jpg?fit=1200%2C800&ssl=1&resize=700%2C400 2x, https:\/\/i0.wp.com\/www.servettiens.ch\/wp-content\/uploads\/2025\/02\/7R407952.jpg?fit=1200%2C800&ssl=1&resize=1050%2C600 3x"},"classes":[]},{"id":61866,"url":"https:\/\/www.servettiens.ch\/?p=61866","url_meta":{"origin":69919,"position":2},"title":"FC Winterthour &#8211; Servette FC (0-1): un penalty suffit aux Grenat pour prendre la t\u00eate du classement","author":"Lisa Maillard","date":"2 September 2024","format":false,"excerpt":"Avec une \u00e9quipe r\u00e9organis\u00e9e par Thomas H\u00e4berli, Servette s'est impos\u00e9 \u00e0 Winterthour gr\u00e2ce \u00e0 un penalty d'Enzo Crivelli. En testant de nouvelles combinaisons offensives, les Grenat ont assur\u00e9 l'essentiel, ce qui leur permet de prendre provisoirement la t\u00eate du classement de la Super League. \u00a0 Ce qu'il faut retenir Dimanche\u2026","rel":"","context":"In &quot;Actualit\u00e9&quot;","block_context":{"text":"Actualit\u00e9","link":"https:\/\/www.servettiens.ch\/?cat=16"},"img":{"alt_text":"","src":"https:\/\/i0.wp.com\/www.servettiens.ch\/wp-content\/uploads\/2024\/09\/SFC-CHE-036-scaled.jpg?fit=1200%2C800&ssl=1&resize=350%2C200","width":350,"height":200,"srcset":"https:\/\/i0.wp.com\/www.servettiens.ch\/wp-content\/uploads\/2024\/09\/SFC-CHE-036-scaled.jpg?fit=1200%2C800&ssl=1&resize=350%2C200 1x, https:\/\/i0.wp.com\/www.servettiens.ch\/wp-content\/uploads\/2024\/09\/SFC-CHE-036-scaled.jpg?fit=1200%2C800&ssl=1&resize=525%2C300 1.5x, https:\/\/i0.wp.com\/www.servettiens.ch\/wp-content\/uploads\/2024\/09\/SFC-CHE-036-scaled.jpg?fit=1200%2C800&ssl=1&resize=700%2C400 2x, https:\/\/i0.wp.com\/www.servettiens.ch\/wp-content\/uploads\/2024\/09\/SFC-CHE-036-scaled.jpg?fit=1200%2C800&ssl=1&resize=1050%2C600 3x"},"classes":[]},{"id":69706,"url":"https:\/\/www.servettiens.ch\/?p=69706","url_meta":{"origin":69919,"position":3},"title":"Servette enfin victorieux","author":"Nicola Di Nardo","date":"9 March 2026","format":false,"excerpt":"Le Servette FC accueillait le FC Zurich ce samedi \u00e0 18h au Stade de la Praille. Restant sur cinq matchs nuls cons\u00e9cutifs, les Grenats devaient s\u2019imposer afin de ne pas voir le Grasshopper Club Zurich revenir \u00e0 leur poursuite. Dans un stade amput\u00e9 de sa tribune nord, les joueurs de\u2026","rel":"","context":"In &quot;\u00c9quipe premi\u00e8re&quot;","block_context":{"text":"\u00c9quipe premi\u00e8re","link":"https:\/\/www.servettiens.ch\/?cat=14"},"img":{"alt_text":"","src":"https:\/\/i0.wp.com\/www.servettiens.ch\/wp-content\/uploads\/2026\/03\/Servettefc-fczurich-07.03.26-46-scaled.webp?fit=1200%2C800&ssl=1&resize=350%2C200","width":350,"height":200,"srcset":"https:\/\/i0.wp.com\/www.servettiens.ch\/wp-content\/uploads\/2026\/03\/Servettefc-fczurich-07.03.26-46-scaled.webp?fit=1200%2C800&ssl=1&resize=350%2C200 1x, https:\/\/i0.wp.com\/www.servettiens.ch\/wp-content\/uploads\/2026\/03\/Servettefc-fczurich-07.03.26-46-scaled.webp?fit=1200%2C800&ssl=1&resize=525%2C300 1.5x, https:\/\/i0.wp.com\/www.servettiens.ch\/wp-content\/uploads\/2026\/03\/Servettefc-fczurich-07.03.26-46-scaled.webp?fit=1200%2C800&ssl=1&resize=700%2C400 2x, https:\/\/i0.wp.com\/www.servettiens.ch\/wp-content\/uploads\/2026\/03\/Servettefc-fczurich-07.03.26-46-scaled.webp?fit=1200%2C800&ssl=1&resize=1050%2C600 3x"},"classes":[]},{"id":69801,"url":"https:\/\/www.servettiens.ch\/?p=69801","url_meta":{"origin":69919,"position":4},"title":"Servette d\u00e9roule face \u00e0 Lucerne","author":"Nicola Di Nardo","date":"7 April 2026","format":false,"excerpt":"Le Servette FC recevait le FC Lucerne ce lundi de P\u00e2ques dans le cadre de la 33e journ\u00e9e de Super League. Dernier rendez-vous avant la scission du championnat, les Grenats abordaient la rencontre avec la quasi-certitude d\u2019assurer leur maintien. En face, les Lucernois n\u2019avaient plus grand-chose \u00e0 jouer dans cette\u2026","rel":"","context":"In &quot;\u00c9quipe premi\u00e8re&quot;","block_context":{"text":"\u00c9quipe premi\u00e8re","link":"https:\/\/www.servettiens.ch\/?cat=14"},"img":{"alt_text":"","src":"https:\/\/i0.wp.com\/www.servettiens.ch\/wp-content\/uploads\/2026\/04\/SFC_LUCERNE_31.08.25_arthur_11.jpg?fit=1200%2C799&ssl=1&resize=350%2C200","width":350,"height":200,"srcset":"https:\/\/i0.wp.com\/www.servettiens.ch\/wp-content\/uploads\/2026\/04\/SFC_LUCERNE_31.08.25_arthur_11.jpg?fit=1200%2C799&ssl=1&resize=350%2C200 1x, https:\/\/i0.wp.com\/www.servettiens.ch\/wp-content\/uploads\/2026\/04\/SFC_LUCERNE_31.08.25_arthur_11.jpg?fit=1200%2C799&ssl=1&resize=525%2C300 1.5x, https:\/\/i0.wp.com\/www.servettiens.ch\/wp-content\/uploads\/2026\/04\/SFC_LUCERNE_31.08.25_arthur_11.jpg?fit=1200%2C799&ssl=1&resize=700%2C400 2x, https:\/\/i0.wp.com\/www.servettiens.ch\/wp-content\/uploads\/2026\/04\/SFC_LUCERNE_31.08.25_arthur_11.jpg?fit=1200%2C799&ssl=1&resize=1050%2C600 3x"},"classes":[]},{"id":61006,"url":"https:\/\/www.servettiens.ch\/?p=61006","url_meta":{"origin":69919,"position":5},"title":"Servette FC &#8211; FC Winterthour (2-1) : Une victoire \u00e9clair pour les Grenat","author":"Lisa Maillard","date":"5 May 2024","format":false,"excerpt":"Ce samedi, le Servette FC recevait le FC Winterthour. Priv\u00e9s de Tribune Nord suite aux incidents du Sch\u00fctzenwiese le week-end dernier, les supporters Grenat ont pris place en Tribune Est. Une configuration qui n\u2019emp\u00eachera pas les Grenat de remporter les trois points rapidement. Les Genevois ont d\u00e9but\u00e9 ce 34e match\u2026","rel":"","context":"In &quot;\u00c9quipe premi\u00e8re&quot;","block_context":{"text":"\u00c9quipe premi\u00e8re","link":"https:\/\/www.servettiens.ch\/?cat=14"},"img":{"alt_text":"","src":"https:\/\/i0.wp.com\/www.servettiens.ch\/wp-content\/uploads\/2024\/05\/DSC_1355_1-scaled.jpg?fit=1200%2C750&ssl=1&resize=350%2C200","width":350,"height":200,"srcset":"https:\/\/i0.wp.com\/www.servettiens.ch\/wp-content\/uploads\/2024\/05\/DSC_1355_1-scaled.jpg?fit=1200%2C750&ssl=1&resize=350%2C200 1x, https:\/\/i0.wp.com\/www.servettiens.ch\/wp-content\/uploads\/2024\/05\/DSC_1355_1-scaled.jpg?fit=1200%2C750&ssl=1&resize=525%2C300 1.5x, https:\/\/i0.wp.com\/www.servettiens.ch\/wp-content\/uploads\/2024\/05\/DSC_1355_1-scaled.jpg?fit=1200%2C750&ssl=1&resize=700%2C400 2x, https:\/\/i0.wp.com\/www.servettiens.ch\/wp-content\/uploads\/2024\/05\/DSC_1355_1-scaled.jpg?fit=1200%2C750&ssl=1&resize=1050%2C600 3x"},"classes":[]}],"_links":{"self":[{"href":"https:\/\/www.servettiens.ch\/index.php?rest_route=\/wp\/v2\/posts\/69919","targetHints":{"allow":["GET"]}}],"collection":[{"href":"https:\/\/www.servettiens.ch\/index.php?rest_route=\/wp\/v2\/posts"}],"about":[{"href":"https:\/\/www.servettiens.ch\/index.php?rest_route=\/wp\/v2\/types\/post"}],"author":[{"embeddable":true,"href":"https:\/\/www.servettiens.ch\/index.php?rest_route=\/wp\/v2\/users\/31"}],"replies":[{"embeddable":true,"href":"https:\/\/www.servettiens.ch\/index.php?rest_route=%2Fwp%2Fv2%2Fcomments&post=69919"}],"version-history":[{"count":2,"href":"https:\/\/www.servettiens.ch\/index.php?rest_route=\/wp\/v2\/posts\/69919\/revisions"}],"predecessor-version":[{"id":69921,"href":"https:\/\/www.servettiens.ch\/index.php?rest_route=\/wp\/v2\/posts\/69919\/revisions\/69921"}],"wp:featuredmedia":[{"embeddable":true,"href":"https:\/\/www.servettiens.ch\/index.php?rest_route=\/wp\/v2\/media\/69760"}],"wp:attachment":[{"href":"https:\/\/www.servettiens.ch\/index.php?rest_route=%2Fwp%2Fv2%2Fmedia&parent=69919"}],"wp:term":[{"taxonomy":"category","embeddable":true,"href":"https:\/\/www.servettiens.ch\/index.php?rest_route=%2Fwp%2Fv2%2Fcategories&post=69919"},{"taxonomy":"post_tag","embeddable":true,"href":"https:\/\/www.servettiens.ch\/index.php?rest_route=%2Fwp%2Fv2%2Ftags&post=69919"},{"taxonomy":"post_folder","embeddable":true,"href":"https:\/\/www.servettiens.ch\/index.php?rest_route=%2Fwp%2Fv2%2Fpost_folder&post=69919"}],"curies":[{"name":"wp","href":"https:\/\/api.w.org\/{rel}","templated":true}]}}